{"id":7543,"date":"2021-11-20T13:24:27","date_gmt":"2021-11-20T13:24:27","guid":{"rendered":"https:\/\/tatutrad.net\/?p=4685"},"modified":"2024-10-31T06:42:54","modified_gmt":"2024-10-31T05:42:54","slug":"origen-del-idioma-frances","status":"publish","type":"post","link":"https:\/\/tatutrad.net\/fr\/origen-del-idioma-frances\/","title":{"rendered":"Origen del idioma franc\u00e9s"},"content":{"rendered":"\n<p><strong>En la actualidad, el franc\u00e9s es el idioma oficial de 29 pa\u00edses<\/strong>&nbsp;y lo hablan unos 300 millones de personas si englobamos a todos los que lo utilizan como primera o segunda lengua. Es, adem\u00e1s, uno de los idiomas m\u00e1s estudiados en todo el mundo, solo superado por el ingl\u00e9s; pero,&nbsp;<strong>\u00bfcu\u00e1l es el origen del idioma franc\u00e9s?<\/strong><\/p>\n\n\n\n<h2 class=\"wp-block-heading\">Historia del idioma franc\u00e9s<\/h2>\n\n\n\n<p>El franc\u00e9s moderno es una lengua romance derivada del lat\u00edn (como el italiano, el espa\u00f1ol, el portugu\u00e9s y otras lenguas mediterr\u00e1neas).<\/p>\n\n\n\n<p>Como todas las lenguas,&nbsp;<strong>el franc\u00e9s ha evolucionado considerablemente a lo largo del tiempo<\/strong>. El documento m\u00e1s antiguo que se conoce escrito en un franc\u00e9s antiguo, en lugar del lat\u00edn tard\u00edo, son los \u00abSerments de Strasbourg\u00bb, redactado en el a\u00f1o 842.<\/p>\n\n\n\n<p><strong>Durante la \u00e9poca medieval, el franc\u00e9s se convirti\u00f3 en la lengua de la literatura<\/strong>&nbsp;con obras como las \u00abChansons de geste\u00bb, la \u00abChanson de Roland\u00bb y el \u00abRoman de la Rose\u00bb. En la \u00e9poca renacentista, escritores como Rabelais y Ronsard ya escrib\u00edan en un lenguaje que para el lector erudito actual es plenamente comprensible.<\/p>\n\n\n\n<p><strong>En los \u00faltimos a\u00f1os, el idioma franc\u00e9s no ha evolucionado tan r\u00e1pidamente como en el pasado por las actuaciones de la&nbsp;<\/strong><a href=\"https:\/\/www.academie-francaise.fr\/\"><strong>Acad\u00e9mie Fran\u00e7aise<\/strong><\/a>&nbsp;(instituci\u00f3n equivalente a la Real Academia Espa\u00f1ola para la lengua francesa), cuyo principal objetivo es actuar como protector del franc\u00e9s. La Academia se ha resistido en numerosas ocasiones a los cambios en el idioma franc\u00e9s pues&nbsp;<strong>insiste en que las formas existentes y tradicionales de la lengua son precisamente el \u00abfranc\u00e9s correcto\u00bb<\/strong>.<\/p>\n\n\n\n<figure class=\"wp-block-image aligncenter size-full\"><img decoding=\"async\" src=\"https:\/\/tatutrad.net\/wp-content\/uploads\/2021\/11\/image-2.jpeg\" alt=\"\" class=\"wp-image-4686\"\/><\/figure>\n\n\n\n<h2 class=\"wp-block-heading\">D\u00f3nde se habla franc\u00e9s<\/h2>\n\n\n\n<p>Si bien hemos dicho al inicio de este art\u00edculo que el franc\u00e9s es el idioma oficial de 29 pa\u00edses, la realidad es que se habla en muchos m\u00e1s; en concreto,&nbsp;<strong>el franc\u00e9s es un idioma predominante en 55 pa\u00edses de todo el mundo<\/strong>.<\/p>\n\n\n\n<h3 class=\"wp-block-heading\">Pa\u00edses donde el franc\u00e9s es el idioma oficial<\/h3>\n\n\n\n<p>Adem\u00e1s de en Francia (62,5 millones de hablantes), el franc\u00e9s es el idioma oficial de partes de B\u00e9lgica (4,3 millones), Suiza (1,5 millones), M\u00f3naco (23 400 hablantes), Luxemburgo (430 000), Seychelles (4000) y zonas de Canad\u00e1 (7,8 millones); pero no solo en Qu\u00e9bec como se suele pensar.<\/p>\n\n\n\n<p><strong>Tambi\u00e9n es el idioma oficial de varios pa\u00edses africanos. Esto se debe a que dichos pa\u00edses fueron colonias francesas durante mucho tiempo<\/strong>; desde el siglo XVI hasta mediados del siglo XX, cuando, una vez finalizada la Segunda Guerra Mundial, varias de estas colonias africanas se independizaron de Francia.<\/p>\n\n\n\n<hr class=\"wp-block-separator has-css-opacity\"\/>\n\n\n\n<ul class=\"wp-block-list\"><li>Ben\u00edn \u2013 739 200 hablantes<\/li><li>Burkina Faso \u2013 695 000 hablantes<\/li><li>Rep\u00fablica del Congo &#8211;&nbsp;<\/li><li>Rep\u00fablica Democr\u00e1tica del Congo &#8211; 32,22 millones de hablantes (se trata del pa\u00eds franc\u00f3fono m\u00e1s poblado del mundo)<\/li><li>Costa de Marfil \u2013 12,7 millones de hablantes<\/li><li>Gab\u00f3n \u2013 1,12 millones de hablantes<\/li><li>Guinea \u2013 2 millones de hablantes<\/li><li>Mal\u00ed \u2013 1 mill\u00f3n de hablantes<\/li><li>N\u00edger \u2013 1,26 millones de hablantes<\/li><li>Senegal \u2013 1,2 millones de hablantes<\/li><li>Togo \u2013 2 millones de hablantes<\/li><li>Burundi \u2013 390 000 hablantes<\/li><li>Camer\u00fan \u2013 3 millones de hablantes<\/li><li>Chad \u2013 2 millones de hablantes<\/li><li>Rep\u00fablica Centroaficana \u2013 945 000 hablantes<\/li><li>Comoras \u2013 312 000 hablantes<\/li><li>Guinea Ecuatorial \u2013 1,2 millones de hablantes<\/li><li>Hait\u00ed \u2013 5,6 millones de hablantes<\/li><li>Madagascar \u2013 865 000 hablantes<\/li><li>Ruanda \u2013 609 000 hablantes<\/li><li>Vanuatu \u2013 99 000 hablantes<\/li><li>Yibuti \u2013 160 000 hablantes<\/li><\/ul>\n\n\n\n<hr class=\"wp-block-separator has-css-opacity\"\/>\n\n\n\n<h2 class=\"wp-block-heading\">El franc\u00e9s como lengua diplom\u00e1tica<\/h2>\n\n\n\n<p>Hasta principios del siglo XX, el franc\u00e9s era considerado el idioma de la diplomacia, y el segundo idioma m\u00e1s importante para negociaciones internacionales (detr\u00e1s del ingl\u00e9s). Hoy en d\u00eda,&nbsp;<strong>es uno de los seis idiomas oficiales de las Naciones Unidas<\/strong>&nbsp;y uno de los dos idiomas oficiales, junto con el ingl\u00e9s, del Comit\u00e9 Ol\u00edmpico Internacional y la Cruz Roja Internacional, entre otras tantas organizaciones.<\/p>\n\n\n\n<figure class=\"wp-block-image aligncenter size-full\"><img decoding=\"async\" src=\"https:\/\/tatutrad.net\/wp-content\/uploads\/2021\/11\/image-3.jpeg\" alt=\"\" class=\"wp-image-4689\"\/><\/figure>\n\n\n\n<h2 class=\"wp-block-heading\">Caracter\u00edsticas y peculiaridades del idioma franc\u00e9s<\/h2>\n\n\n\n<p><strong>El franc\u00e9s fue estandarizado alrededor de los siglos XVII y XVIII<\/strong>. Esta estandarizaci\u00f3n comport\u00f3 la desaparici\u00f3n de los dialectos regionales franceses, sobre todo los que se hablaban en el centro y el norte de Francia.<\/p>\n\n\n\n<h3 class=\"wp-block-heading\">Caracter\u00edsticas gramaticales del franc\u00e9s<\/h3>\n\n\n\n<ul class=\"wp-block-list\"><li>Su fonolog\u00eda es diferente a la del resto de lenguas romances.<\/li><li>El plural de los sustantivos se forma a\u00f1adiendo las terminaciones \u00ab-s\u00bb o \u00ab-es\u00bb.<\/li><li>La distinci\u00f3n entre el g\u00e9nero masculino y femenino la marca el art\u00edculo o el adjetivo que acompa\u00f1a al nombre.<\/li><li>Las terminaciones de muchos verbos en presente simple coinciden son:\u00a0<em>-e, -es, -e, -ons, -ez, -ent\u00a0<\/em>(de la primera persona del singular a la tercera del plural).<\/li><li>El franc\u00e9s es un idioma en el que la gram\u00e1tica (sintaxis), la puntuaci\u00f3n (o inflexi\u00f3n de la voz) y la forma de las palabras (morfolog\u00eda) juegan un papel importante a la hora de determinar el significado de las palabras y frases.<\/li><\/ul>\n\n\n\n<h3 class=\"wp-block-heading\">7 peculiaridades del idioma franc\u00e9s<\/h3>\n\n\n\n<ol class=\"wp-block-list\" type=\"1\"><li>La palabra m\u00e1s larga del diccionario franc\u00e9s es\u00a0<em>anticonstitutionnellement<\/em>\u00a0(25 letras).<\/li><li>El franc\u00e9s es el \u00fanico idioma, adem\u00e1s del ingl\u00e9s, que se habla en todos los continentes.<\/li><li>En franc\u00e9s podemos encontrar palabras con tres \u00abe\u00bb seguidas:\u00a0<em>cr\u00e9\u00e9e, agr\u00e9\u00e9e\u00a0<\/em>y<em>\u00a0d\u00e9gr\u00e9\u00e9e<\/em>.<\/li><li>Despu\u00e9s de leer el punto anterior, no te sorprender\u00e1 saber que la letra m\u00e1s habitual en franc\u00e9s es la \u00abe\u00bb, con una frecuencia de uso del 14,7 %.<\/li><li>El franc\u00e9s cuenta con m\u00e1s de un mill\u00f3n de vocablos y cada a\u00f1o se crean unos 20 000 nuevos.<\/li><li>La palabra\u00a0<em>salut\u00a0<\/em>puede utilizarse indistintamente para decir \u00abhola\u00bb o \u00abadi\u00f3s\u00bb.<\/li><li>El plural de\u00a0<em>oeil\u00a0<\/em>(ojo) es\u00a0<em>yeux<\/em>\u00a0(ojos) y es la \u00fanica palabra en franc\u00e9s que empieza con una letra diferente en el plural.<\/li><\/ol>\n\n\n\n<p>Y si eres de los que piensa que el franc\u00e9s es un idioma muy parecido al espa\u00f1ol y que no hace falta contar con un&nbsp;<a href=\"https:\/\/tatutrad.net\/servicios\/traduccion\/\">servicio de traducci\u00f3n profesional en franc\u00e9s<\/a>&nbsp;o estudiarlo para poder utilizarlo,&nbsp;<strong>te retamos a que intentes pronunciar correctamente este trabalenguas sin fallar ni una vez<\/strong>:&nbsp;\u00ab<em>Si six scies scient six cypr\u00e8s, six cents scies scient six cent cypress<\/em>\u00bb (Si seis sierras serraran seis cipreses, seiscientas sierras serrar\u00edan seiscientos cipreses).<\/p>\n","protected":false},"excerpt":{"rendered":"<p>En la actualidad, el franc\u00e9s es el idioma oficial de 29 pa\u00edses&nbsp;y lo hablan unos 300 millones de personas si englobamos a todos los que lo utilizan como primera o segunda lengua. Es, adem\u00e1s, uno de los idiomas m\u00e1s estudiados en todo el mundo, solo superado por el ingl\u00e9s; pero,&nbsp;\u00bfcu\u00e1l es el origen del idioma [&hellip;]<\/p>\n","protected":false},"author":6,"featured_media":0,"comment_status":"open","ping_status":"closed","sticky":false,"template":"","format":"standard","meta":{"_et_pb_use_builder":"","_et_pb_old_content":"","_et_gb_content_width":"","_uag_custom_page_level_css":"","_monsterinsights_skip_tracking":false,"_monsterinsights_sitenote_active":false,"_monsterinsights_sitenote_note":"","_monsterinsights_sitenote_category":0,"_uf_show_specific_survey":0,"_uf_disable_surveys":false,"footnotes":""},"categories":[52],"tags":[],"table_tags":[],"class_list":["post-7543","post","type-post","status-publish","format-standard","hentry","category-noticias"],"yoast_head":"<!-- This site is optimized with the Yoast SEO plugin v24.8.1 - https:\/\/yoast.com\/wordpress\/plugins\/seo\/ -->\n<title>Origen del idioma franc\u00e9s - Tatutrad<\/title>\n<meta name=\"robots\" content=\"index, follow, max-snippet:-1, max-image-preview:large, max-video-preview:-1\" \/>\n<link rel=\"canonical\" href=\"https:\/\/tatutrad.net\/fr\/origen-del-idioma-frances\/\" \/>\n<meta property=\"og:locale\" content=\"fr_FR\" \/>\n<meta property=\"og:type\" content=\"article\" \/>\n<meta property=\"og:title\" content=\"Origen del idioma franc\u00e9s - Tatutrad\" \/>\n<meta property=\"og:description\" content=\"En la actualidad, el franc\u00e9s es el idioma oficial de 29 pa\u00edses&nbsp;y lo hablan unos 300 millones de personas si englobamos a todos los que lo utilizan como primera o segunda lengua. Es, adem\u00e1s, uno de los idiomas m\u00e1s estudiados en todo el mundo, solo superado por el ingl\u00e9s; pero,&nbsp;\u00bfcu\u00e1l es el origen del idioma [&hellip;]\" \/>\n<meta property=\"og:url\" content=\"https:\/\/tatutrad.net\/fr\/origen-del-idioma-frances\/\" \/>\n<meta property=\"og:site_name\" content=\"Tatutrad\" \/>\n<meta property=\"article:published_time\" content=\"2021-11-20T13:24:27+00:00\" \/>\n<meta property=\"article:modified_time\" content=\"2024-10-31T05:42:54+00:00\" \/>\n<meta property=\"og:image\" content=\"https:\/\/tatutrad.net\/wp-content\/uploads\/2021\/11\/image-2.jpeg\" \/>\n<meta name=\"author\" content=\"Rosario de Zayas\" \/>\n<meta name=\"twitter:card\" content=\"summary_large_image\" \/>\n<meta name=\"twitter:creator\" content=\"@management@tatutrad.es\" \/>\n<meta name=\"twitter:label1\" content=\"\u00c9crit par\" \/>\n\t<meta name=\"twitter:data1\" content=\"Rosario de Zayas\" \/>\n\t<meta name=\"twitter:label2\" content=\"Dur\u00e9e de lecture estim\u00e9e\" \/>\n\t<meta name=\"twitter:data2\" content=\"5 minutes\" \/>\n<script type=\"application\/ld+json\" class=\"yoast-schema-graph\">{\"@context\":\"https:\/\/schema.org\",\"@graph\":[{\"@type\":\"Article\",\"@id\":\"https:\/\/tatutrad.net\/fr\/origen-del-idioma-frances\/#article\",\"isPartOf\":{\"@id\":\"https:\/\/tatutrad.net\/fr\/origen-del-idioma-frances\/\"},\"author\":{\"name\":\"Rosario de Zayas\",\"@id\":\"https:\/\/tatutrad.net\/fr\/#\/schema\/person\/6f5db199f43f2312ebdeee5b827106f7\"},\"headline\":\"Origen del idioma franc\u00e9s\",\"datePublished\":\"2021-11-20T13:24:27+00:00\",\"dateModified\":\"2024-10-31T05:42:54+00:00\",\"mainEntityOfPage\":{\"@id\":\"https:\/\/tatutrad.net\/fr\/origen-del-idioma-frances\/\"},\"wordCount\":1031,\"commentCount\":0,\"publisher\":{\"@id\":\"https:\/\/tatutrad.net\/fr\/#organization\"},\"image\":{\"@id\":\"https:\/\/tatutrad.net\/fr\/origen-del-idioma-frances\/#primaryimage\"},\"thumbnailUrl\":\"https:\/\/tatutrad.net\/wp-content\/uploads\/2021\/11\/image-2.jpeg\",\"articleSection\":[\"Noticias\"],\"inLanguage\":\"fr-FR\",\"potentialAction\":[{\"@type\":\"CommentAction\",\"name\":\"Comment\",\"target\":[\"https:\/\/tatutrad.net\/fr\/origen-del-idioma-frances\/#respond\"]}]},{\"@type\":\"WebPage\",\"@id\":\"https:\/\/tatutrad.net\/fr\/origen-del-idioma-frances\/\",\"url\":\"https:\/\/tatutrad.net\/fr\/origen-del-idioma-frances\/\",\"name\":\"Origen del idioma franc\u00e9s - Tatutrad\",\"isPartOf\":{\"@id\":\"https:\/\/tatutrad.net\/fr\/#website\"},\"primaryImageOfPage\":{\"@id\":\"https:\/\/tatutrad.net\/fr\/origen-del-idioma-frances\/#primaryimage\"},\"image\":{\"@id\":\"https:\/\/tatutrad.net\/fr\/origen-del-idioma-frances\/#primaryimage\"},\"thumbnailUrl\":\"https:\/\/tatutrad.net\/wp-content\/uploads\/2021\/11\/image-2.jpeg\",\"datePublished\":\"2021-11-20T13:24:27+00:00\",\"dateModified\":\"2024-10-31T05:42:54+00:00\",\"breadcrumb\":{\"@id\":\"https:\/\/tatutrad.net\/fr\/origen-del-idioma-frances\/#breadcrumb\"},\"inLanguage\":\"fr-FR\",\"potentialAction\":[{\"@type\":\"ReadAction\",\"target\":[\"https:\/\/tatutrad.net\/fr\/origen-del-idioma-frances\/\"]}]},{\"@type\":\"ImageObject\",\"inLanguage\":\"fr-FR\",\"@id\":\"https:\/\/tatutrad.net\/fr\/origen-del-idioma-frances\/#primaryimage\",\"url\":\"https:\/\/tatutrad.net\/wp-content\/uploads\/2021\/11\/image-2.jpeg\",\"contentUrl\":\"https:\/\/tatutrad.net\/wp-content\/uploads\/2021\/11\/image-2.jpeg\"},{\"@type\":\"BreadcrumbList\",\"@id\":\"https:\/\/tatutrad.net\/fr\/origen-del-idioma-frances\/#breadcrumb\",\"itemListElement\":[{\"@type\":\"ListItem\",\"position\":1,\"name\":\"Home\",\"item\":\"https:\/\/tatutrad.net\/fr\/\"},{\"@type\":\"ListItem\",\"position\":2,\"name\":\"Origen del idioma franc\u00e9s\"}]},{\"@type\":\"WebSite\",\"@id\":\"https:\/\/tatutrad.net\/fr\/#website\",\"url\":\"https:\/\/tatutrad.net\/fr\/\",\"name\":\"Tatutrad\",\"description\":\"Tatutrad. Traductores Profesionales en Sevilla.\",\"publisher\":{\"@id\":\"https:\/\/tatutrad.net\/fr\/#organization\"},\"potentialAction\":[{\"@type\":\"SearchAction\",\"target\":{\"@type\":\"EntryPoint\",\"urlTemplate\":\"https:\/\/tatutrad.net\/fr\/?s={search_term_string}\"},\"query-input\":{\"@type\":\"PropertyValueSpecification\",\"valueRequired\":true,\"valueName\":\"search_term_string\"}}],\"inLanguage\":\"fr-FR\"},{\"@type\":\"Organization\",\"@id\":\"https:\/\/tatutrad.net\/fr\/#organization\",\"name\":\"Tatutrad\",\"url\":\"https:\/\/tatutrad.net\/fr\/\",\"logo\":{\"@type\":\"ImageObject\",\"inLanguage\":\"fr-FR\",\"@id\":\"https:\/\/tatutrad.net\/fr\/#\/schema\/logo\/image\/\",\"url\":\"https:\/\/tatutrad.net\/wp-content\/uploads\/2023\/03\/main-logo@2x-1.png\",\"contentUrl\":\"https:\/\/tatutrad.net\/wp-content\/uploads\/2023\/03\/main-logo@2x-1.png\",\"width\":218,\"height\":261,\"caption\":\"Tatutrad\"},\"image\":{\"@id\":\"https:\/\/tatutrad.net\/fr\/#\/schema\/logo\/image\/\"}},{\"@type\":\"Person\",\"@id\":\"https:\/\/tatutrad.net\/fr\/#\/schema\/person\/6f5db199f43f2312ebdeee5b827106f7\",\"name\":\"Rosario de Zayas\",\"image\":{\"@type\":\"ImageObject\",\"inLanguage\":\"fr-FR\",\"@id\":\"https:\/\/tatutrad.net\/fr\/#\/schema\/person\/image\/\",\"url\":\"https:\/\/secure.gravatar.com\/avatar\/6ddf4e1111623ea29d435e8d4ce0ea0a?s=96&d=retro&r=g\",\"contentUrl\":\"https:\/\/secure.gravatar.com\/avatar\/6ddf4e1111623ea29d435e8d4ce0ea0a?s=96&d=retro&r=g\",\"caption\":\"Rosario de Zayas\"},\"sameAs\":[\"https:\/\/x.com\/management@tatutrad.es\"],\"url\":\"https:\/\/tatutrad.net\/fr\/author\/rosario_tatutrad\/\"}]}<\/script>\n<!-- \/ Yoast SEO plugin. -->","yoast_head_json":{"title":"Origen del idioma franc\u00e9s - Tatutrad","robots":{"index":"index","follow":"follow","max-snippet":"max-snippet:-1","max-image-preview":"max-image-preview:large","max-video-preview":"max-video-preview:-1"},"canonical":"https:\/\/tatutrad.net\/fr\/origen-del-idioma-frances\/","og_locale":"fr_FR","og_type":"article","og_title":"Origen del idioma franc\u00e9s - Tatutrad","og_description":"En la actualidad, el franc\u00e9s es el idioma oficial de 29 pa\u00edses&nbsp;y lo hablan unos 300 millones de personas si englobamos a todos los que lo utilizan como primera o segunda lengua. Es, adem\u00e1s, uno de los idiomas m\u00e1s estudiados en todo el mundo, solo superado por el ingl\u00e9s; pero,&nbsp;\u00bfcu\u00e1l es el origen del idioma [&hellip;]","og_url":"https:\/\/tatutrad.net\/fr\/origen-del-idioma-frances\/","og_site_name":"Tatutrad","article_published_time":"2021-11-20T13:24:27+00:00","article_modified_time":"2024-10-31T05:42:54+00:00","og_image":[{"url":"https:\/\/tatutrad.net\/wp-content\/uploads\/2021\/11\/image-2.jpeg","type":"","width":"","height":""}],"author":"Rosario de Zayas","twitter_card":"summary_large_image","twitter_creator":"@management@tatutrad.es","twitter_misc":{"\u00c9crit par":"Rosario de Zayas","Dur\u00e9e de lecture estim\u00e9e":"5 minutes"},"schema":{"@context":"https:\/\/schema.org","@graph":[{"@type":"Article","@id":"https:\/\/tatutrad.net\/fr\/origen-del-idioma-frances\/#article","isPartOf":{"@id":"https:\/\/tatutrad.net\/fr\/origen-del-idioma-frances\/"},"author":{"name":"Rosario de Zayas","@id":"https:\/\/tatutrad.net\/fr\/#\/schema\/person\/6f5db199f43f2312ebdeee5b827106f7"},"headline":"Origen del idioma franc\u00e9s","datePublished":"2021-11-20T13:24:27+00:00","dateModified":"2024-10-31T05:42:54+00:00","mainEntityOfPage":{"@id":"https:\/\/tatutrad.net\/fr\/origen-del-idioma-frances\/"},"wordCount":1031,"commentCount":0,"publisher":{"@id":"https:\/\/tatutrad.net\/fr\/#organization"},"image":{"@id":"https:\/\/tatutrad.net\/fr\/origen-del-idioma-frances\/#primaryimage"},"thumbnailUrl":"https:\/\/tatutrad.net\/wp-content\/uploads\/2021\/11\/image-2.jpeg","articleSection":["Noticias"],"inLanguage":"fr-FR","potentialAction":[{"@type":"CommentAction","name":"Comment","target":["https:\/\/tatutrad.net\/fr\/origen-del-idioma-frances\/#respond"]}]},{"@type":"WebPage","@id":"https:\/\/tatutrad.net\/fr\/origen-del-idioma-frances\/","url":"https:\/\/tatutrad.net\/fr\/origen-del-idioma-frances\/","name":"Origen del idioma franc\u00e9s - Tatutrad","isPartOf":{"@id":"https:\/\/tatutrad.net\/fr\/#website"},"primaryImageOfPage":{"@id":"https:\/\/tatutrad.net\/fr\/origen-del-idioma-frances\/#primaryimage"},"image":{"@id":"https:\/\/tatutrad.net\/fr\/origen-del-idioma-frances\/#primaryimage"},"thumbnailUrl":"https:\/\/tatutrad.net\/wp-content\/uploads\/2021\/11\/image-2.jpeg","datePublished":"2021-11-20T13:24:27+00:00","dateModified":"2024-10-31T05:42:54+00:00","breadcrumb":{"@id":"https:\/\/tatutrad.net\/fr\/origen-del-idioma-frances\/#breadcrumb"},"inLanguage":"fr-FR","potentialAction":[{"@type":"ReadAction","target":["https:\/\/tatutrad.net\/fr\/origen-del-idioma-frances\/"]}]},{"@type":"ImageObject","inLanguage":"fr-FR","@id":"https:\/\/tatutrad.net\/fr\/origen-del-idioma-frances\/#primaryimage","url":"https:\/\/tatutrad.net\/wp-content\/uploads\/2021\/11\/image-2.jpeg","contentUrl":"https:\/\/tatutrad.net\/wp-content\/uploads\/2021\/11\/image-2.jpeg"},{"@type":"BreadcrumbList","@id":"https:\/\/tatutrad.net\/fr\/origen-del-idioma-frances\/#breadcrumb","itemListElement":[{"@type":"ListItem","position":1,"name":"Home","item":"https:\/\/tatutrad.net\/fr\/"},{"@type":"ListItem","position":2,"name":"Origen del idioma franc\u00e9s"}]},{"@type":"WebSite","@id":"https:\/\/tatutrad.net\/fr\/#website","url":"https:\/\/tatutrad.net\/fr\/","name":"Tatutrad","description":"Tatutrad. Traductores Profesionales en Sevilla.","publisher":{"@id":"https:\/\/tatutrad.net\/fr\/#organization"},"potentialAction":[{"@type":"SearchAction","target":{"@type":"EntryPoint","urlTemplate":"https:\/\/tatutrad.net\/fr\/?s={search_term_string}"},"query-input":{"@type":"PropertyValueSpecification","valueRequired":true,"valueName":"search_term_string"}}],"inLanguage":"fr-FR"},{"@type":"Organization","@id":"https:\/\/tatutrad.net\/fr\/#organization","name":"Tatutrad","url":"https:\/\/tatutrad.net\/fr\/","logo":{"@type":"ImageObject","inLanguage":"fr-FR","@id":"https:\/\/tatutrad.net\/fr\/#\/schema\/logo\/image\/","url":"https:\/\/tatutrad.net\/wp-content\/uploads\/2023\/03\/main-logo@2x-1.png","contentUrl":"https:\/\/tatutrad.net\/wp-content\/uploads\/2023\/03\/main-logo@2x-1.png","width":218,"height":261,"caption":"Tatutrad"},"image":{"@id":"https:\/\/tatutrad.net\/fr\/#\/schema\/logo\/image\/"}},{"@type":"Person","@id":"https:\/\/tatutrad.net\/fr\/#\/schema\/person\/6f5db199f43f2312ebdeee5b827106f7","name":"Rosario de Zayas","image":{"@type":"ImageObject","inLanguage":"fr-FR","@id":"https:\/\/tatutrad.net\/fr\/#\/schema\/person\/image\/","url":"https:\/\/secure.gravatar.com\/avatar\/6ddf4e1111623ea29d435e8d4ce0ea0a?s=96&d=retro&r=g","contentUrl":"https:\/\/secure.gravatar.com\/avatar\/6ddf4e1111623ea29d435e8d4ce0ea0a?s=96&d=retro&r=g","caption":"Rosario de Zayas"},"sameAs":["https:\/\/x.com\/management@tatutrad.es"],"url":"https:\/\/tatutrad.net\/fr\/author\/rosario_tatutrad\/"}]}},"uagb_featured_image_src":{"full":false,"thumbnail":false,"medium":false,"medium_large":false,"large":false,"1536x1536":false,"2048x2048":false,"et-pb-post-main-image":false,"et-pb-post-main-image-fullwidth":false,"et-pb-portfolio-image":false,"et-pb-portfolio-module-image":false,"et-pb-portfolio-image-single":false,"et-pb-gallery-module-image-portrait":false,"et-pb-post-main-image-fullwidth-large":false,"et-pb-image--responsive--desktop":false,"et-pb-image--responsive--tablet":false,"et-pb-image--responsive--phone":false},"uagb_author_info":{"display_name":"Rosario de Zayas","author_link":"https:\/\/tatutrad.net\/fr\/author\/rosario_tatutrad\/"},"uagb_comment_info":0,"uagb_excerpt":"En la actualidad, el franc\u00e9s es el idioma oficial de 29 pa\u00edses&nbsp;y lo hablan unos 300 millones de personas si englobamos a todos los que lo utilizan como primera o segunda lengua. Es, adem\u00e1s, uno de los idiomas m\u00e1s estudiados en todo el mundo, solo superado por el ingl\u00e9s; pero,&nbsp;\u00bfcu\u00e1l es el origen del idioma\u2026","_links":{"self":[{"href":"https:\/\/tatutrad.net\/fr\/wp-json\/wp\/v2\/posts\/7543","targetHints":{"allow":["GET"]}}],"collection":[{"href":"https:\/\/tatutrad.net\/fr\/wp-json\/wp\/v2\/posts"}],"about":[{"href":"https:\/\/tatutrad.net\/fr\/wp-json\/wp\/v2\/types\/post"}],"author":[{"embeddable":true,"href":"https:\/\/tatutrad.net\/fr\/wp-json\/wp\/v2\/users\/6"}],"replies":[{"embeddable":true,"href":"https:\/\/tatutrad.net\/fr\/wp-json\/wp\/v2\/comments?post=7543"}],"version-history":[{"count":1,"href":"https:\/\/tatutrad.net\/fr\/wp-json\/wp\/v2\/posts\/7543\/revisions"}],"predecessor-version":[{"id":8806,"href":"https:\/\/tatutrad.net\/fr\/wp-json\/wp\/v2\/posts\/7543\/revisions\/8806"}],"wp:attachment":[{"href":"https:\/\/tatutrad.net\/fr\/wp-json\/wp\/v2\/media?parent=7543"}],"wp:term":[{"taxonomy":"category","embeddable":true,"href":"https:\/\/tatutrad.net\/fr\/wp-json\/wp\/v2\/categories?post=7543"},{"taxonomy":"post_tag","embeddable":true,"href":"https:\/\/tatutrad.net\/fr\/wp-json\/wp\/v2\/tags?post=7543"},{"taxonomy":"table_tags","embeddable":true,"href":"https:\/\/tatutrad.net\/fr\/wp-json\/wp\/v2\/table_tags?post=7543"}],"curies":[{"name":"wp","href":"https:\/\/api.w.org\/{rel}","templated":true}]}}