{"id":3832,"date":"2021-01-01T16:02:14","date_gmt":"2021-01-01T16:02:14","guid":{"rendered":"https:\/\/tatutrad.net\/?p=3832"},"modified":"2024-10-31T06:43:06","modified_gmt":"2024-10-31T05:43:06","slug":"la-importancia-del-catalan","status":"publish","type":"post","link":"https:\/\/tatutrad.net\/fr\/la-importancia-del-catalan\/","title":{"rendered":"La importancia del catal\u00e1n"},"content":{"rendered":"\n<p>En la actualidad,\u00a0<strong>hay unos 10 millones de personas en el mundo que hablan catal\u00e1n y que lo utilizan en su d\u00eda a d\u00eda. Tanto es as\u00ed, que es la octava lengua m\u00e1s activa en Internet y ya son m\u00e1s de dos millones de internautas los que navegan en catal\u00e1n<\/strong>. La importancia del catal\u00e1n en Internet es tal que algunos de los sitios m\u00e1s visitados como Google, Facebook y YouTube est\u00e1n disponibles en este idioma.<\/p>\n\n\n\n<p>Pero, \u00bfd\u00f3nde se habla exactamente catal\u00e1n? \u00bfEs un idioma o un dialecto? \u00bfQu\u00e9 uso se hace de este idioma en el d\u00eda a d\u00eda de sus hablantes?<\/p>\n\n\n\n<h2 class=\"wp-block-heading\">\u00bfQu\u00e9 es el catal\u00e1n?<\/h2>\n\n\n\n<p>Seg\u00fan el\u00a0<a href=\"mailto:https:\/\/www.llull.cat\/espanyol\/home\/index.cfm\">Institut Ramon Llull<\/a>, entidad de referencia del idioma catal\u00e1n: \u00ab\u00a0<strong>El catal\u00e1n es una lengua rom\u00e1nica de la rama occidental. Presenta dos variedades dialectales fundamentales: la oriental y la occidental<\/strong>, que contienen diferencias l\u00e9xicas, fon\u00e9ticas y gramaticales. La lengua catalana en el Pa\u00eds Valenciano tambi\u00e9n recibe el nombre de valenciano por tradici\u00f3n hist\u00f3rica. El dominio ling\u00fc\u00edstico se extiende sobre 68.000 Km<sup>2<\/sup> de cuatro estados europeos: Andorra, Espa\u00f1a (Catalu\u00f1a, Comunidad Valenciana, Islas Baleares, la Franja occidental de Arag\u00f3n y el Carche, en Murcia), Francia (Catalu\u00f1a del Norte) e Italia (la ciudad de Alguer en la isla de Cerde\u00f1a)\u00a0\u00bb.<\/p>\n\n\n\n<p>As\u00ed pues, contrariamente a lo que mucha gente cree, el catal\u00e1n no es un idioma que se hable \u00fanicamente en determinadas zonas de Espa\u00f1a, sino que incluso es el idioma oficial de todo un pa\u00eds: Andorra.<\/p>\n\n\n\n<figure class=\"wp-block-image aligncenter size-large\"><img decoding=\"async\" src=\"https:\/\/tatutrad.net\/wp-content\/uploads\/2021\/05\/el-catalan-no-es-un-idioma-que-solo-se-hable-en-Cataluna-sino-que-tambien-se-habla-en-paises-fuera-de-Espana-como-en-Andorra-edited.jpg\" alt=\"\" class=\"wp-image-4162\"\/><\/figure>\n\n\n\n<h2 class=\"wp-block-heading\">Uso del catal\u00e1n como lengua vehicular<\/h2>\n\n\n\n<p>La importancia del catal\u00e1n y su uso como lengua vehicular en el d\u00eda a d\u00eda de sus hablantes no deja de aumentar. Seg\u00fan un estudio realizado en 2019 por la\u00a0<a href=\"mailto:https:\/\/llengua.gencat.cat\/es\/direccio_general_politica_linguistica\">Direcci\u00f3n General de Pol\u00edtica Ling\u00fc\u00edstica de la Generalitat<\/a>\u00a0y el\u00a0<a href=\"mailto:https:\/\/www.idescat.cat\/%3Flang=es\">Instituto de Estad\u00edstica de Catalu\u00f1a<\/a>:\u00a0<strong>el 94 % de la poblaci\u00f3n entiende el catal\u00e1n; el 81,2 % lo sabe hablar; el 85,5 % lo lee y el 65,3 % lo sabe escribir (en 1981 solo era el 31,5 %)<\/strong>.<\/p>\n\n\n\n<p>Seg\u00fan este mismo estudio,\u00a0<strong>el 31,5 % de la poblaci\u00f3n (dos millones de personas) tiene el catal\u00e1n como lengua madre<\/strong>\u00a0y el uso del catal\u00e1n entre la poblaci\u00f3n adulta en un d\u00eda cualquiera se da en el 76,4 % de la poblaci\u00f3n.<\/p>\n\n\n\n<p>Este uso m\u00e1s amplio del catal\u00e1n y su importancia y presencia en el d\u00eda a d\u00eda se vincula en gran parte al modelo de ense\u00f1anza actual presente en Catalu\u00f1a en el que se opta por una inmersi\u00f3n ling\u00fc\u00edstica donde el \u00fanico idioma vehicular es el catal\u00e1n.<\/p>\n\n\n\n<h2 class=\"wp-block-heading\">Presencia del catal\u00e1n en las creaciones literarias y los medios de comunicaci\u00f3n<\/h2>\n\n\n\n<p><strong>La creaci\u00f3n de obras literarias en catal\u00e1n ha ido aumentando de forma ininterrumpida desde el siglo XII. En la actualidad, cuenta con m\u00e1s de 12&nbsp;000 autores literarios vivos<\/strong>.<\/p>\n\n\n\n<p>Otros \u00e1mbitos culturales como la creaci\u00f3n audiovisual o las artes esc\u00e9nicas tambi\u00e9n cuentan con una fuerte presencia del catal\u00e1n entre sus obras.<\/p>\n\n\n\n<p>La importancia del catal\u00e1n en los medios de comunicaci\u00f3n es muy evidente si tenemos en cuenta que existen numerosos canales de televisi\u00f3n que emiten su programaci\u00f3n en catal\u00e1n.<\/p>\n\n\n\n<p>Lo mismo sucede en el \u00e1mbito de las emisoras de radio y&nbsp;<strong>la prensa escrita, donde representa el 20&nbsp;% de la difusi\u00f3n total de la prensa cotidiana<\/strong>. En el caso de la prensa escrita, es cada vez m\u00e1s habitual que tanto peri\u00f3dicos como revistas ofrezcan ediciones diferentes para castellano y catal\u00e1n.<\/p>\n\n\n\n<p>Volviendo a las emisoras de radio, cabe destacar que las dos emisoras m\u00e1s sintonizadas en Catalu\u00f1a son RAC1 y Catalunya Radio, con casi 2 millones de oyentes, cuya programaci\u00f3n es exclusivamente en catal\u00e1n y cuya audiencia no para de aumentar.<\/p>\n\n\n\n<figure class=\"wp-block-image size-large\"><img decoding=\"async\" src=\"https:\/\/tatutrad.net\/wp-content\/uploads\/2021\/05\/el-catalan-no-es-un-idioma-que-solo-se-hable-en-Cataluna-sino-que-tambien-se-habla-en-paises-fuera-de-Espana-como-en-Andorra-edited-1024x575.jpg\" alt=\"el catal\u00e1n no es un idioma que solo se hable en Catalu\u00f1a, sino que tambi\u00e9n se habla en pa\u00edses fuera de Espa\u00f1a como en Andorra\" class=\"wp-image-4162\"\/><\/figure>\n\n\n\n<h2 class=\"wp-block-heading\">Obligaciones ling\u00fc\u00edsticas de las empresas en Catalu\u00f1a<\/h2>\n\n\n\n<p>Si usted tiene una empresa en Catalu\u00f1a o va a operar en ella, debe tener en cuenta las siguientes&nbsp;<strong>obligaciones ling\u00fc\u00edsticas en materia de rotulaci\u00f3n, atenci\u00f3n a los clientes y los usuarios y la documentaci\u00f3n<\/strong>:<\/p>\n\n\n\n<ul class=\"wp-block-list\"><li>Deben poder atender a los clientes tanto si hablan en catal\u00e1n como en castellano, o en aran\u00e9s en el Valle de Ar\u00e1n.<\/li><li>Deben tener los letreros fijos al menos en catal\u00e1n.<\/li><li>Deben tener los documentos de oferta de servicios al menos en catal\u00e1n.<\/li><li>Los contratos de adhesi\u00f3n, normados, con cl\u00e1usulas tipos o condiciones generales deben estar disponibles en ejemplares separados, en catal\u00e1n y castellano.<\/li><\/ul>\n\n\n\n<h2 class=\"wp-block-heading\">Traducciones al catal\u00e1n<\/h2>\n\n\n\n<p>Por los motivos expresados anteriormente, si desea ofrecer sus servicios y productos, deber\u00e1 contar con un servicio de traducci\u00f3n al catal\u00e1n profesional que le permita cumplir con todas las obligaciones ling\u00fc\u00edsticas relacionadas con este idioma.<\/p>\n\n\n\n<p><strong>Es importante no caer en la literalidad en las traducciones y que estas se perciban como textos genuinos<\/strong>. M\u00e1s all\u00e1 de la correcci\u00f3n ortogr\u00e1fica, debemos evitar traducciones literales, formas poco cercanas, giros for\u00e1neos, frases hechas pensadas a trav\u00e9s de otro idioma, adaptaciones incorrectas o t\u00e9rminos y frases castellanizados si tenemos formas catalanas m\u00e1s adecuadas.<\/p>\n\n\n\n<h2 class=\"wp-block-heading\">Curiosidades del catal\u00e1n en comparaci\u00f3n con el castellano<\/h2>\n\n\n\n<p>Las diferencias de uso del catal\u00e1n y el castellano para determinados t\u00e9rminos y expresiones ha dado lugar a muchas an\u00e9cdotas divertidas.&nbsp;<strong>La convivencia diaria de ambas lenguas en regiones donde viven sus hablantes da lugar a traducciones literales que mucho distan de su traducci\u00f3n correcta<\/strong>. Por ejemplo:<\/p>\n\n\n\n<ul class=\"wp-block-list\"><li>La ropa de trabajo que en castellano se llama\u00a0<em>mono<\/em>\u00a0en catal\u00e1n se la conoce como otro animal\u00a0<em>granota\u00a0<\/em>(rana).<\/li><li>Cuando en catal\u00e1n alguien se da un golpe le sale un\u00a0<em>blau\u00a0<\/em>(azul) mientras que en castellano el color de los golpes es el\u00a0<em>moret\u00f3n.<\/em><\/li><li>Si los hablantes de catal\u00e1n\u00a0<em>toquen ferro\u00a0<\/em>(tocan hierro) para tener suerte, los de castellano\u00a0<em>tocan madera.<\/em><\/li><li>El\u00a0<em>bikini<\/em>\u00a0catal\u00e1n lo encontrar\u00e1n en un bar o un restaurante ocupando el espacio del conocid\u00edsimo bocadillo\u00a0<em>mixto<\/em>.<\/li><li>Cap\u00edtulo aparte merecen las horas en catal\u00e1n y los temidos \u00ab<em>pronoms febles<\/em>\u00bb; el tal\u00f3n de Aquiles de la mayor\u00eda de estudiantes y hablantes de este idioma.<\/li><\/ul>\n\n\n\n<p>Si necesita traducir sus documentos al catal\u00e1n o requiere de alguna asesor\u00eda sobre este idioma, desde Tatutrad le ayudaremos a encontrar al profesional adecuado; contamos con una amplia base de datos de traductores nativos al catal\u00e1n con gran experiencia en todo tipo de textos y especialidades.<\/p>\n","protected":false},"excerpt":{"rendered":"<p>En la actualidad,\u00a0hay unos 10 millones de personas en el mundo que hablan catal\u00e1n y que lo utilizan en su d\u00eda a d\u00eda. Tanto es as\u00ed, que es la octava lengua m\u00e1s activa en Internet y ya son m\u00e1s de dos millones de internautas los que navegan en catal\u00e1n. La importancia del catal\u00e1n en Internet [&hellip;]<\/p>\n","protected":false},"author":6,"featured_media":3897,"comment_status":"open","ping_status":"closed","sticky":false,"template":"","format":"standard","meta":{"_et_pb_use_builder":"","_et_pb_old_content":"","_et_gb_content_width":"","_uag_custom_page_level_css":"","_monsterinsights_skip_tracking":false,"_monsterinsights_sitenote_active":false,"_monsterinsights_sitenote_note":"","_monsterinsights_sitenote_category":0,"_uf_show_specific_survey":0,"_uf_disable_surveys":false,"footnotes":""},"categories":[41],"tags":[],"table_tags":[],"class_list":["post-3832","post","type-post","status-publish","format-standard","has-post-thumbnail","hentry","category-asesoria-cultural"],"yoast_head":"<!-- This site is optimized with the Yoast SEO plugin v24.8.1 - https:\/\/yoast.com\/wordpress\/plugins\/seo\/ -->\n<title>La importancia del catal\u00e1n - Tatutrad<\/title>\n<meta name=\"robots\" content=\"index, follow, max-snippet:-1, max-image-preview:large, max-video-preview:-1\" \/>\n<link rel=\"canonical\" href=\"https:\/\/tatutrad.net\/fr\/la-importancia-del-catalan\/\" \/>\n<meta property=\"og:locale\" content=\"fr_FR\" \/>\n<meta property=\"og:type\" content=\"article\" \/>\n<meta property=\"og:title\" content=\"La importancia del catal\u00e1n - Tatutrad\" \/>\n<meta property=\"og:description\" content=\"En la actualidad,\u00a0hay unos 10 millones de personas en el mundo que hablan catal\u00e1n y que lo utilizan en su d\u00eda a d\u00eda. Tanto es as\u00ed, que es la octava lengua m\u00e1s activa en Internet y ya son m\u00e1s de dos millones de internautas los que navegan en catal\u00e1n. La importancia del catal\u00e1n en Internet [&hellip;]\" \/>\n<meta property=\"og:url\" content=\"https:\/\/tatutrad.net\/fr\/la-importancia-del-catalan\/\" \/>\n<meta property=\"og:site_name\" content=\"Tatutrad\" \/>\n<meta property=\"article:published_time\" content=\"2021-01-01T16:02:14+00:00\" \/>\n<meta property=\"article:modified_time\" content=\"2024-10-31T05:43:06+00:00\" \/>\n<meta property=\"og:image\" content=\"https:\/\/tatutrad.net\/wp-content\/uploads\/2024\/11\/TATUTRAD-communication-for-a-worldwide-reach-1200-675.jpg\" \/>\n\t<meta property=\"og:image:width\" content=\"1200\" \/>\n\t<meta property=\"og:image:height\" content=\"675\" \/>\n\t<meta property=\"og:image:type\" content=\"image\/jpeg\" \/>\n<meta name=\"author\" content=\"Rosario de Zayas\" \/>\n<meta name=\"twitter:card\" content=\"summary_large_image\" \/>\n<meta name=\"twitter:creator\" content=\"@management@tatutrad.es\" \/>\n<meta name=\"twitter:label1\" content=\"\u00c9crit par\" \/>\n\t<meta name=\"twitter:data1\" content=\"Rosario de Zayas\" \/>\n\t<meta name=\"twitter:label2\" content=\"Dur\u00e9e de lecture estim\u00e9e\" \/>\n\t<meta name=\"twitter:data2\" content=\"6 minutes\" \/>\n<script type=\"application\/ld+json\" class=\"yoast-schema-graph\">{\"@context\":\"https:\/\/schema.org\",\"@graph\":[{\"@type\":\"Article\",\"@id\":\"https:\/\/tatutrad.net\/fr\/la-importancia-del-catalan\/#article\",\"isPartOf\":{\"@id\":\"https:\/\/tatutrad.net\/fr\/la-importancia-del-catalan\/\"},\"author\":{\"name\":\"Rosario de Zayas\",\"@id\":\"https:\/\/tatutrad.net\/fr\/#\/schema\/person\/6f5db199f43f2312ebdeee5b827106f7\"},\"headline\":\"La importancia del catal\u00e1n\",\"datePublished\":\"2021-01-01T16:02:14+00:00\",\"dateModified\":\"2024-10-31T05:43:06+00:00\",\"mainEntityOfPage\":{\"@id\":\"https:\/\/tatutrad.net\/fr\/la-importancia-del-catalan\/\"},\"wordCount\":1117,\"commentCount\":0,\"publisher\":{\"@id\":\"https:\/\/tatutrad.net\/fr\/#organization\"},\"image\":{\"@id\":\"https:\/\/tatutrad.net\/fr\/la-importancia-del-catalan\/#primaryimage\"},\"thumbnailUrl\":\"\",\"articleSection\":[\"Asesor\u00eda cultural\"],\"inLanguage\":\"fr-FR\",\"potentialAction\":[{\"@type\":\"CommentAction\",\"name\":\"Comment\",\"target\":[\"https:\/\/tatutrad.net\/fr\/la-importancia-del-catalan\/#respond\"]}]},{\"@type\":\"WebPage\",\"@id\":\"https:\/\/tatutrad.net\/fr\/la-importancia-del-catalan\/\",\"url\":\"https:\/\/tatutrad.net\/fr\/la-importancia-del-catalan\/\",\"name\":\"La importancia del catal\u00e1n - Tatutrad\",\"isPartOf\":{\"@id\":\"https:\/\/tatutrad.net\/fr\/#website\"},\"primaryImageOfPage\":{\"@id\":\"https:\/\/tatutrad.net\/fr\/la-importancia-del-catalan\/#primaryimage\"},\"image\":{\"@id\":\"https:\/\/tatutrad.net\/fr\/la-importancia-del-catalan\/#primaryimage\"},\"thumbnailUrl\":\"\",\"datePublished\":\"2021-01-01T16:02:14+00:00\",\"dateModified\":\"2024-10-31T05:43:06+00:00\",\"breadcrumb\":{\"@id\":\"https:\/\/tatutrad.net\/fr\/la-importancia-del-catalan\/#breadcrumb\"},\"inLanguage\":\"fr-FR\",\"potentialAction\":[{\"@type\":\"ReadAction\",\"target\":[\"https:\/\/tatutrad.net\/fr\/la-importancia-del-catalan\/\"]}]},{\"@type\":\"ImageObject\",\"inLanguage\":\"fr-FR\",\"@id\":\"https:\/\/tatutrad.net\/fr\/la-importancia-del-catalan\/#primaryimage\",\"url\":\"\",\"contentUrl\":\"\"},{\"@type\":\"BreadcrumbList\",\"@id\":\"https:\/\/tatutrad.net\/fr\/la-importancia-del-catalan\/#breadcrumb\",\"itemListElement\":[{\"@type\":\"ListItem\",\"position\":1,\"name\":\"Home\",\"item\":\"https:\/\/tatutrad.net\/fr\/\"},{\"@type\":\"ListItem\",\"position\":2,\"name\":\"La importancia del catal\u00e1n\"}]},{\"@type\":\"WebSite\",\"@id\":\"https:\/\/tatutrad.net\/fr\/#website\",\"url\":\"https:\/\/tatutrad.net\/fr\/\",\"name\":\"Tatutrad\",\"description\":\"Tatutrad. Traductores Profesionales en Sevilla.\",\"publisher\":{\"@id\":\"https:\/\/tatutrad.net\/fr\/#organization\"},\"potentialAction\":[{\"@type\":\"SearchAction\",\"target\":{\"@type\":\"EntryPoint\",\"urlTemplate\":\"https:\/\/tatutrad.net\/fr\/?s={search_term_string}\"},\"query-input\":{\"@type\":\"PropertyValueSpecification\",\"valueRequired\":true,\"valueName\":\"search_term_string\"}}],\"inLanguage\":\"fr-FR\"},{\"@type\":\"Organization\",\"@id\":\"https:\/\/tatutrad.net\/fr\/#organization\",\"name\":\"Tatutrad\",\"url\":\"https:\/\/tatutrad.net\/fr\/\",\"logo\":{\"@type\":\"ImageObject\",\"inLanguage\":\"fr-FR\",\"@id\":\"https:\/\/tatutrad.net\/fr\/#\/schema\/logo\/image\/\",\"url\":\"https:\/\/tatutrad.net\/wp-content\/uploads\/2023\/03\/main-logo@2x-1.png\",\"contentUrl\":\"https:\/\/tatutrad.net\/wp-content\/uploads\/2023\/03\/main-logo@2x-1.png\",\"width\":218,\"height\":261,\"caption\":\"Tatutrad\"},\"image\":{\"@id\":\"https:\/\/tatutrad.net\/fr\/#\/schema\/logo\/image\/\"}},{\"@type\":\"Person\",\"@id\":\"https:\/\/tatutrad.net\/fr\/#\/schema\/person\/6f5db199f43f2312ebdeee5b827106f7\",\"name\":\"Rosario de Zayas\",\"image\":{\"@type\":\"ImageObject\",\"inLanguage\":\"fr-FR\",\"@id\":\"https:\/\/tatutrad.net\/fr\/#\/schema\/person\/image\/\",\"url\":\"https:\/\/secure.gravatar.com\/avatar\/6ddf4e1111623ea29d435e8d4ce0ea0a?s=96&d=retro&r=g\",\"contentUrl\":\"https:\/\/secure.gravatar.com\/avatar\/6ddf4e1111623ea29d435e8d4ce0ea0a?s=96&d=retro&r=g\",\"caption\":\"Rosario de Zayas\"},\"sameAs\":[\"https:\/\/x.com\/management@tatutrad.es\"],\"url\":\"https:\/\/tatutrad.net\/fr\/author\/rosario_tatutrad\/\"}]}<\/script>\n<!-- \/ Yoast SEO plugin. -->","yoast_head_json":{"title":"La importancia del catal\u00e1n - Tatutrad","robots":{"index":"index","follow":"follow","max-snippet":"max-snippet:-1","max-image-preview":"max-image-preview:large","max-video-preview":"max-video-preview:-1"},"canonical":"https:\/\/tatutrad.net\/fr\/la-importancia-del-catalan\/","og_locale":"fr_FR","og_type":"article","og_title":"La importancia del catal\u00e1n - Tatutrad","og_description":"En la actualidad,\u00a0hay unos 10 millones de personas en el mundo que hablan catal\u00e1n y que lo utilizan en su d\u00eda a d\u00eda. Tanto es as\u00ed, que es la octava lengua m\u00e1s activa en Internet y ya son m\u00e1s de dos millones de internautas los que navegan en catal\u00e1n. La importancia del catal\u00e1n en Internet [&hellip;]","og_url":"https:\/\/tatutrad.net\/fr\/la-importancia-del-catalan\/","og_site_name":"Tatutrad","article_published_time":"2021-01-01T16:02:14+00:00","article_modified_time":"2024-10-31T05:43:06+00:00","og_image":[{"width":1200,"height":675,"url":"https:\/\/tatutrad.net\/wp-content\/uploads\/2024\/11\/TATUTRAD-communication-for-a-worldwide-reach-1200-675.jpg","type":"image\/jpeg"}],"author":"Rosario de Zayas","twitter_card":"summary_large_image","twitter_creator":"@management@tatutrad.es","twitter_misc":{"\u00c9crit par":"Rosario de Zayas","Dur\u00e9e de lecture estim\u00e9e":"6 minutes"},"schema":{"@context":"https:\/\/schema.org","@graph":[{"@type":"Article","@id":"https:\/\/tatutrad.net\/fr\/la-importancia-del-catalan\/#article","isPartOf":{"@id":"https:\/\/tatutrad.net\/fr\/la-importancia-del-catalan\/"},"author":{"name":"Rosario de Zayas","@id":"https:\/\/tatutrad.net\/fr\/#\/schema\/person\/6f5db199f43f2312ebdeee5b827106f7"},"headline":"La importancia del catal\u00e1n","datePublished":"2021-01-01T16:02:14+00:00","dateModified":"2024-10-31T05:43:06+00:00","mainEntityOfPage":{"@id":"https:\/\/tatutrad.net\/fr\/la-importancia-del-catalan\/"},"wordCount":1117,"commentCount":0,"publisher":{"@id":"https:\/\/tatutrad.net\/fr\/#organization"},"image":{"@id":"https:\/\/tatutrad.net\/fr\/la-importancia-del-catalan\/#primaryimage"},"thumbnailUrl":"","articleSection":["Asesor\u00eda cultural"],"inLanguage":"fr-FR","potentialAction":[{"@type":"CommentAction","name":"Comment","target":["https:\/\/tatutrad.net\/fr\/la-importancia-del-catalan\/#respond"]}]},{"@type":"WebPage","@id":"https:\/\/tatutrad.net\/fr\/la-importancia-del-catalan\/","url":"https:\/\/tatutrad.net\/fr\/la-importancia-del-catalan\/","name":"La importancia del catal\u00e1n - Tatutrad","isPartOf":{"@id":"https:\/\/tatutrad.net\/fr\/#website"},"primaryImageOfPage":{"@id":"https:\/\/tatutrad.net\/fr\/la-importancia-del-catalan\/#primaryimage"},"image":{"@id":"https:\/\/tatutrad.net\/fr\/la-importancia-del-catalan\/#primaryimage"},"thumbnailUrl":"","datePublished":"2021-01-01T16:02:14+00:00","dateModified":"2024-10-31T05:43:06+00:00","breadcrumb":{"@id":"https:\/\/tatutrad.net\/fr\/la-importancia-del-catalan\/#breadcrumb"},"inLanguage":"fr-FR","potentialAction":[{"@type":"ReadAction","target":["https:\/\/tatutrad.net\/fr\/la-importancia-del-catalan\/"]}]},{"@type":"ImageObject","inLanguage":"fr-FR","@id":"https:\/\/tatutrad.net\/fr\/la-importancia-del-catalan\/#primaryimage","url":"","contentUrl":""},{"@type":"BreadcrumbList","@id":"https:\/\/tatutrad.net\/fr\/la-importancia-del-catalan\/#breadcrumb","itemListElement":[{"@type":"ListItem","position":1,"name":"Home","item":"https:\/\/tatutrad.net\/fr\/"},{"@type":"ListItem","position":2,"name":"La importancia del catal\u00e1n"}]},{"@type":"WebSite","@id":"https:\/\/tatutrad.net\/fr\/#website","url":"https:\/\/tatutrad.net\/fr\/","name":"Tatutrad","description":"Tatutrad. Traductores Profesionales en Sevilla.","publisher":{"@id":"https:\/\/tatutrad.net\/fr\/#organization"},"potentialAction":[{"@type":"SearchAction","target":{"@type":"EntryPoint","urlTemplate":"https:\/\/tatutrad.net\/fr\/?s={search_term_string}"},"query-input":{"@type":"PropertyValueSpecification","valueRequired":true,"valueName":"search_term_string"}}],"inLanguage":"fr-FR"},{"@type":"Organization","@id":"https:\/\/tatutrad.net\/fr\/#organization","name":"Tatutrad","url":"https:\/\/tatutrad.net\/fr\/","logo":{"@type":"ImageObject","inLanguage":"fr-FR","@id":"https:\/\/tatutrad.net\/fr\/#\/schema\/logo\/image\/","url":"https:\/\/tatutrad.net\/wp-content\/uploads\/2023\/03\/main-logo@2x-1.png","contentUrl":"https:\/\/tatutrad.net\/wp-content\/uploads\/2023\/03\/main-logo@2x-1.png","width":218,"height":261,"caption":"Tatutrad"},"image":{"@id":"https:\/\/tatutrad.net\/fr\/#\/schema\/logo\/image\/"}},{"@type":"Person","@id":"https:\/\/tatutrad.net\/fr\/#\/schema\/person\/6f5db199f43f2312ebdeee5b827106f7","name":"Rosario de Zayas","image":{"@type":"ImageObject","inLanguage":"fr-FR","@id":"https:\/\/tatutrad.net\/fr\/#\/schema\/person\/image\/","url":"https:\/\/secure.gravatar.com\/avatar\/6ddf4e1111623ea29d435e8d4ce0ea0a?s=96&d=retro&r=g","contentUrl":"https:\/\/secure.gravatar.com\/avatar\/6ddf4e1111623ea29d435e8d4ce0ea0a?s=96&d=retro&r=g","caption":"Rosario de Zayas"},"sameAs":["https:\/\/x.com\/management@tatutrad.es"],"url":"https:\/\/tatutrad.net\/fr\/author\/rosario_tatutrad\/"}]}},"uagb_featured_image_src":{"full":false,"thumbnail":false,"medium":false,"medium_large":false,"large":false,"1536x1536":false,"2048x2048":false,"et-pb-post-main-image":false,"et-pb-post-main-image-fullwidth":false,"et-pb-portfolio-image":false,"et-pb-portfolio-module-image":false,"et-pb-portfolio-image-single":false,"et-pb-gallery-module-image-portrait":false,"et-pb-post-main-image-fullwidth-large":false,"et-pb-image--responsive--desktop":false,"et-pb-image--responsive--tablet":false,"et-pb-image--responsive--phone":false},"uagb_author_info":{"display_name":"Rosario de Zayas","author_link":"https:\/\/tatutrad.net\/fr\/author\/rosario_tatutrad\/"},"uagb_comment_info":0,"uagb_excerpt":"En la actualidad,\u00a0hay unos 10 millones de personas en el mundo que hablan catal\u00e1n y que lo utilizan en su d\u00eda a d\u00eda. Tanto es as\u00ed, que es la octava lengua m\u00e1s activa en Internet y ya son m\u00e1s de dos millones de internautas los que navegan en catal\u00e1n. La importancia del catal\u00e1n en Internet\u2026","_links":{"self":[{"href":"https:\/\/tatutrad.net\/fr\/wp-json\/wp\/v2\/posts\/3832","targetHints":{"allow":["GET"]}}],"collection":[{"href":"https:\/\/tatutrad.net\/fr\/wp-json\/wp\/v2\/posts"}],"about":[{"href":"https:\/\/tatutrad.net\/fr\/wp-json\/wp\/v2\/types\/post"}],"author":[{"embeddable":true,"href":"https:\/\/tatutrad.net\/fr\/wp-json\/wp\/v2\/users\/6"}],"replies":[{"embeddable":true,"href":"https:\/\/tatutrad.net\/fr\/wp-json\/wp\/v2\/comments?post=3832"}],"version-history":[{"count":1,"href":"https:\/\/tatutrad.net\/fr\/wp-json\/wp\/v2\/posts\/3832\/revisions"}],"predecessor-version":[{"id":8824,"href":"https:\/\/tatutrad.net\/fr\/wp-json\/wp\/v2\/posts\/3832\/revisions\/8824"}],"wp:featuredmedia":[{"embeddable":true,"href":"https:\/\/tatutrad.net\/fr\/wp-json\/"}],"wp:attachment":[{"href":"https:\/\/tatutrad.net\/fr\/wp-json\/wp\/v2\/media?parent=3832"}],"wp:term":[{"taxonomy":"category","embeddable":true,"href":"https:\/\/tatutrad.net\/fr\/wp-json\/wp\/v2\/categories?post=3832"},{"taxonomy":"post_tag","embeddable":true,"href":"https:\/\/tatutrad.net\/fr\/wp-json\/wp\/v2\/tags?post=3832"},{"taxonomy":"table_tags","embeddable":true,"href":"https:\/\/tatutrad.net\/fr\/wp-json\/wp\/v2\/table_tags?post=3832"}],"curies":[{"name":"wp","href":"https:\/\/api.w.org\/{rel}","templated":true}]}}