{"id":702,"date":"2018-11-23T09:06:45","date_gmt":"2018-11-23T09:06:45","guid":{"rendered":"https:\/\/tatutrad.net\/?p=702"},"modified":"2024-10-31T17:56:58","modified_gmt":"2024-10-31T16:56:58","slug":"de-donde-provienen-el-black-friday-y-el-cyber-monday","status":"publish","type":"post","link":"https:\/\/tatutrad.net\/en\/de-donde-provienen-el-black-friday-y-el-cyber-monday\/","title":{"rendered":"\u00bfDe d\u00f3nde provienen el Black Friday y el Cyber Monday?"},"content":{"rendered":"\n<p>En el equipo de <strong>Tatutrad<\/strong> no solamente somos unos <em>traductores profesionales apasionados con nuestro trabajo<\/em>, sino que a algunos de nosotros tambi\u00e9n nos gusta estar al d\u00eda de las \u00faltimas tendencias en moda, tecnolog\u00eda o decoraci\u00f3n. Si eres como nosotros, es probable que ya le hayas echado el ojo a alguna prenda de vestir o dispositivo electr\u00f3nico para aprovechar las ofertas que nos brindan los comercios con motivo del \u201c<strong>Black Friday<\/strong>\u201d y el \u201c<strong>Cyber Monday<\/strong>\u201d este 2018. Es probable que incluso tengas preparados algunos art\u00edculos en el carrito de la compra de tu navegador para que no se agoten esos calcetines con estampado navide\u00f1o que tanto te hacen falta.<\/p>\n\n\n\n<!--more-->\n\n\n\t\t\t\t<div class=\"wp-block-uagb-table-of-contents uagb-toc__align-left uagb-toc__columns-1  uagb-block-08cde68f      \"\n\t\t\t\t\tdata-scroll= \"1\"\n\t\t\t\t\tdata-offset= \"30\"\n\t\t\t\t\tstyle=\"\"\n\t\t\t\t>\n\t\t\t\t<div class=\"uagb-toc__wrap\">\n\t\t\t\t\t\t<div class=\"uagb-toc__title\">\n\t\t\t\t\t\t\tTable Of Contents\t\t\t\t\t\t<\/div>\n\t\t\t\t\t\t\t\t\t\t\t\t\t\t\t\t\t\t\t\t\t\t<div class=\"uagb-toc__list-wrap \">\n\t\t\t\t\t\t<ol class=\"uagb-toc__list\"><li class=\"uagb-toc__list\"><a href=\"#origen-de-black-friday\" class=\"uagb-toc-link__trigger\">Origen de Black Friday<\/a><ul class=\"uagb-toc__list\"><li class=\"uagb-toc__list\"><a href=\"#distintas-teor\u00edas\" class=\"uagb-toc-link__trigger\">Distintas teor\u00edas<\/a><\/li><\/ul><\/li><li class=\"uagb-toc__list\"><a href=\"#c\u00f3mo-surgi\u00f3-el-cyber-monday\" class=\"uagb-toc-link__trigger\">\u00bfC\u00f3mo surgi\u00f3 el &#039;Cyber Monday&#039;?<\/a><li class=\"uagb-toc__list\"><a href=\"#efectos-de-la-globalizaci\u00f3n\" class=\"uagb-toc-link__trigger\">Efectos de la globalizaci\u00f3n.<\/a><li class=\"uagb-toc__list\"><a href=\"#qu\u00e9-papel-tienen-los-traductores-en-este-tema\" class=\"uagb-toc-link__trigger\">\u00bfQu\u00e9 papel tienen los traductores en este tema?<\/a><\/ul><\/ol>\t\t\t\t\t<\/div>\n\t\t\t\t\t\t\t\t\t<\/div>\n\t\t\t\t<\/div>\n\t\t\t\n\n\n<div style=\"height:50px\" aria-hidden=\"true\" class=\"wp-block-spacer\"><\/div>\n\n\n\n<h2 class=\"wp-block-heading\">Origen de Black Friday<\/h2>\n\n\n\n<p>Pero, \u00bfte has preguntado alguna vez acerca del origen de esta tradici\u00f3n? Hoy, en el blog de <strong>Tatutrad<\/strong>, te hablamos sobre su historia, su introducci\u00f3n en nuestra cultura y los retos que plantea para los profesionales de la traducci\u00f3n.<\/p>\n\n\n\n<figure class=\"wp-block-image aligncenter\"><img decoding=\"async\" src=\"https:\/\/tatutrad.net\/wp-content\/uploads\/2018\/11\/black-friday-tatutrad-01.jpg\" alt=\"que origen tiene el black friday y el ciber monday\" class=\"wp-image-703\"\/><\/figure>\n\n\n\n<p><\/p>\n\n\n\n<p>El t\u00e9rmino \u201c<strong>Black Friday<\/strong>\u201d (literalmente, \u201cviernes negro\u201d) se celebra cada a\u00f1o en Estados Unidos el \u00faltimo viernes del mes de noviembre, un d\u00eda despu\u00e9s de la famosa celebraci\u00f3n del D\u00eda de Acci\u00f3n de Gracias, y suele marcar el inicio de las compras de Navidad.<\/p>\n\n\n\n<blockquote class=\"wp-block-quote is-layout-flow wp-block-quote-is-layout-flow\">\n<p>El t\u00e9rmino \u201c<strong>Black Friday<\/strong>\u201d (literalmente, \u201cviernes negro\u201d) se celebra cada a\u00f1o en Estados Unidos el \u00faltimo viernes del mes de noviembre, un d\u00eda despu\u00e9s de la famosa celebraci\u00f3n del D\u00eda de Acci\u00f3n de Gracias, y suele marcar el inicio de las compras de Navidad.<\/p>\n<\/blockquote>\n\n\n\n<h3 class=\"wp-block-heading\">Distintas teor\u00edas<\/h3>\n\n\n\n<p>Existen diversas teor\u00edas sobre el origen de esta tradici\u00f3n. Una de ellas hace referencia a la crisis econ\u00f3mica de 1869 en los Estados Unidos: dos especuladores, Jay Gould y James Fisk, en sus intentos por amasar grandes cantidades de dinero, provocaron un desplome de las participaciones de Wall Street el viernes 24 de septiembre de ese a\u00f1o, lo que gener\u00f3 el caos en los mercados. Ello fue tan catastr\u00f3fico para la econom\u00eda, que qued\u00f3 marcado en la historia como el \u201cviernes negro\u201d.<\/p>\n\n\n\n<p>Otra de estas teor\u00edas sit\u00faa su origen en los peque\u00f1os comercios que, en sus intentos por recuperarse de una situaci\u00f3n de un a\u00f1o entero de p\u00e9rdidas por la crisis, iniciaron una estrategia de ventas el d\u00eda despu\u00e9s de Acci\u00f3n de Gracias (que se celebra todos los a\u00f1os el tercer jueves del mes de noviembre) para dar un comienzo temprano a la \u00e9poca de compras navide\u00f1as y as\u00ed convertir esos n\u00fameros rojos en n\u00fameros negros.<\/p>\n\n\n\n<p>Pero, independientemente de sus or\u00edgenes, lo que s\u00ed est\u00e1 claro es que esta estrategia comercial de utilizar descuentos para atraer a un mayor n\u00famero de compradores y as\u00ed salvar los estragos de las crisis ha ido instaur\u00e1ndose poco a poco hasta convertirse en una tradici\u00f3n para los comercios y empresas estadounidenses.<\/p>\n\n\n\n<h2 class=\"wp-block-heading\">\u00bfC\u00f3mo surgi\u00f3 el &#8216;Cyber Monday&#8217;?<\/h2>\n\n\n\n<p>A partir de esta surgi\u00f3 el \u201c<strong>Cyber Monday<\/strong>\u201d, que podr\u00eda traducirse como \u201cciberlunes\u201d: con el desarrollo del comercio electr\u00f3nico (tambi\u00e9n conocido como \u201c<a href=\"https:\/\/tatutrad.net\/e-commerce-y-traduccion-aliados-para-vender-en-todo-el-mundo\/\">e-commerce<\/a>\u201d, un concepto sobre el cual hablamos en otra entrada en nuestro blog) y de las compras por Internet, cada vez un mayor n\u00famero de personas prefiere comprar productos sin tener que abandonar la comodidad de su casa. Los comercios, en un intento por fomentar este tipo de compras, empezaron a ofertar las rebajas a trav\u00e9s de sus p\u00e1ginas web, lo que ha conseguido que se convierta en uno de los d\u00edas del a\u00f1o en los que m\u00e1s se compra por Internet.<\/p>\n\n\n\n<p>\u00a0<strong><em>Probablemente,  te est\u00e9s preguntando lo siguiente: \u00bfc\u00f3mo hemos adoptado esta tradici\u00f3n en Espa\u00f1a si nada tiene que ver con nuestra historia y nuestra cultura?<\/em><\/strong><\/p>\n\n\n\n<figure class=\"wp-block-image aligncenter\"><a href=\"https:\/\/tatutrad.net\/category\/servicios-traduccion-profesional\/\"><img decoding=\"async\" src=\"https:\/\/tatutrad.net\/wp-content\/uploads\/2018\/11\/black-friday-tatutrad-02.jpg\" alt=\"que origen tiene el black friday y el ciber monday\" class=\"wp-image-706\"\/><\/a><\/figure>\n\n\n\n<p><\/p>\n\n\n\n<p>Tal y como se lleva evidenciando durante los \u00faltimos a\u00f1os, las tradiciones no escapan a la internacionalizaci\u00f3n y a la globalizaci\u00f3n, gracias a las cuales las distintas culturas entran en contacto entre s\u00ed. Estas tradiciones suelen ir acompa\u00f1adas de elementos decorativos, regalos o incluso descuentos. En este sentido, introducen un factor que resulta muy interesante para los comercios: el consumo. Cualquier comercio que se apunte a su celebraci\u00f3n puede obtener enormes ingresos econ\u00f3micos.<\/p>\n\n\n\n<h2 class=\"wp-block-heading\">Efectos de la globalizaci\u00f3n.<\/h2>\n\n\n\n<p>Por lo tanto, <em><strong>podr\u00edamos afirmar que la globalizaci\u00f3n ha contribuido a dar a conocer costumbres y tradiciones<\/strong><\/em>, y los beneficios econ\u00f3micos que las acompa\u00f1an han contribuido a su introducci\u00f3n e implantaci\u00f3n.<\/p>\n\n\n\n<p>Esto quiz\u00e1s puede explicar por qu\u00e9 en nuestro pa\u00eds hemos adoptado o estamos en proceso de adopci\u00f3n de innumerables costumbres, especialmente aquellas provenientes de los Estados Unidos, pero tambi\u00e9n de otros pa\u00edses: Halloween (Estados Unidos), Oktoberfest (Alemania) o Pap\u00e1 Noel (pa\u00edses n\u00f3rdicos). El \u201cBlack Friday\u201d y el \u201cCyber Monday\u201d son un ejemplo m\u00e1s de ello.<\/p>\n\n\n\n<p>Sin duda, <em><strong>la introducci\u00f3n de estas costumbres supone un reto para los traductores y las empresas o agencias de traducci\u00f3n<\/strong><\/em>. Todas estas tradiciones vienen acompa\u00f1adas de t\u00e9rminos y conceptos que, o bien no tienen traducci\u00f3n directa al espa\u00f1ol porque no existen en nuestra cultura, o bien est\u00e1n tan arraigadas en su idioma original que puede sonar forzado o poco natural utilizar su traducci\u00f3n en espa\u00f1ol.<\/p>\n\n\n\n<blockquote class=\"wp-block-quote is-layout-flow wp-block-quote-is-layout-flow\">\n<p>Muchos especialistas en promoci\u00f3n y ventas argumentar\u00e1n que suena mucho m\u00e1s atractivo utilizar el t\u00e9rmino \u201cBlack Friday\u201d en su <a href=\"https:\/\/tatutrad.net\/marketing\">campa\u00f1a de marketing<\/a> que \u201cviernes negro\u201d. La motivaci\u00f3n de conseguir unas campa\u00f1as innovadoras e impactantes logra que los t\u00e9rminos ingleses se impongan sobre su traducci\u00f3n espa\u00f1ola.<\/p>\n<\/blockquote>\n\n\n\n<h2 class=\"wp-block-heading\">\u00bfQu\u00e9 papel tienen los traductores en este tema?<\/h2>\n\n\n\n<p>De esta forma, los traductores nos vemos en la tesitura de encontrar el equilibrio entre proporcionar una traducci\u00f3n acertada de los t\u00e9rminos y respetar el uso mayoritario que las personas hacen de estos conceptos (\u00bfqu\u00e9 sentido tendr\u00eda traducir un concepto si nadie va a entender a qu\u00e9 se est\u00e1 haciendo referencia?).<\/p>\n\n\n\n<p>Por ello, es siempre recomendable recurrir a un traductor profesional o agencia de traducci\u00f3n como Tatutrad, especialmente cuando se trata de cuestiones como esta, que exigen un gran conocimiento de la lengua y la cultura de origen (de la que provienen las tradiciones) pero tambi\u00e9n de la cultura meta (en la que se va a implementar la traducci\u00f3n). Ello garantizar\u00e1 siempre la mejor calidad en los textos. Por lo tanto, te animamos a que te pongas en contacto con nosotros si necesitas este tipo de servicio.<\/p>\n\n\n\n<p>Esperamos que hayas aprendido algo m\u00e1s acerca de la historia de esta tradici\u00f3n. \u00a1Que no se te vayan de las manos las compras!<\/p>\n\n\n\n<p>&nbsp;<\/p>\n\n\n\n<p><strong>Marina Rodr\u00edguez Colmenero<\/strong><br>\u00a0<\/p>\n","protected":false},"excerpt":{"rendered":"<p>\u00bfTe has preguntado alguna vez acerca del origen de esta tradici\u00f3n?, en el blog de Tatutrad, te hablamos sobre su historia, su introducci\u00f3n en nuestra cultura y los retos que plantea para los profesionales de la traducci\u00f3n.<\/p>\n","protected":false},"author":6,"featured_media":703,"comment_status":"open","ping_status":"closed","sticky":false,"template":"","format":"standard","meta":{"_et_pb_use_builder":"","_et_pb_old_content":"","_et_gb_content_width":"","_uag_custom_page_level_css":"","_monsterinsights_skip_tracking":false,"_monsterinsights_sitenote_active":false,"_monsterinsights_sitenote_note":"","_monsterinsights_sitenote_category":0,"_uf_show_specific_survey":0,"_uf_disable_surveys":false,"footnotes":""},"categories":[39],"tags":[94],"table_tags":[162],"class_list":["post-702","post","type-post","status-publish","format-standard","has-post-thumbnail","hentry","category-servicios-traduccion-profesional","tag-anecdotas","table_tags-marketing"],"yoast_head":"<!-- This site is optimized with the Yoast SEO plugin v24.8.1 - https:\/\/yoast.com\/wordpress\/plugins\/seo\/ -->\n<title>\u00bfDe d\u00f3nde provienen el Black Friday y el Cyber Monday? - Tatutrad<\/title>\n<meta name=\"description\" content=\"\u00bfTe has preguntado alguna vez De d\u00f3nde provienen el Black Friday y el Cyber Monday?, te hablamos sobre su historia y como nos afecta.\" \/>\n<meta name=\"robots\" content=\"index, follow, max-snippet:-1, max-image-preview:large, max-video-preview:-1\" \/>\n<link rel=\"canonical\" href=\"https:\/\/tatutrad.net\/en\/de-donde-provienen-el-black-friday-y-el-cyber-monday\/\" \/>\n<meta property=\"og:locale\" content=\"en_US\" \/>\n<meta property=\"og:type\" content=\"article\" \/>\n<meta property=\"og:title\" content=\"\u00bfDe d\u00f3nde provienen el Black Friday y el Cyber Monday? - Tatutrad\" \/>\n<meta property=\"og:description\" content=\"\u00bfTe has preguntado alguna vez De d\u00f3nde provienen el Black Friday y el Cyber Monday?, te hablamos sobre su historia y como nos afecta.\" \/>\n<meta property=\"og:url\" content=\"https:\/\/tatutrad.net\/en\/de-donde-provienen-el-black-friday-y-el-cyber-monday\/\" \/>\n<meta property=\"og:site_name\" content=\"Tatutrad\" \/>\n<meta property=\"article:published_time\" content=\"2018-11-23T09:06:45+00:00\" \/>\n<meta property=\"article:modified_time\" content=\"2024-10-31T16:56:58+00:00\" \/>\n<meta property=\"og:image\" content=\"https:\/\/tatutrad.net\/wp-content\/uploads\/2024\/11\/TATUTRAD-communication-for-a-worldwide-reach-1200-675.jpg\" \/>\n\t<meta property=\"og:image:width\" content=\"1200\" \/>\n\t<meta property=\"og:image:height\" content=\"675\" \/>\n\t<meta property=\"og:image:type\" content=\"image\/jpeg\" \/>\n<meta name=\"author\" content=\"Rosario de Zayas\" \/>\n<meta name=\"twitter:card\" content=\"summary_large_image\" \/>\n<meta name=\"twitter:creator\" content=\"@management@tatutrad.es\" \/>\n<meta name=\"twitter:label1\" content=\"Written by\" \/>\n\t<meta name=\"twitter:data1\" content=\"Rosario de Zayas\" \/>\n\t<meta name=\"twitter:label2\" content=\"Est. reading time\" \/>\n\t<meta name=\"twitter:data2\" content=\"5 minutes\" \/>\n<script type=\"application\/ld+json\" class=\"yoast-schema-graph\">{\"@context\":\"https:\/\/schema.org\",\"@graph\":[{\"@type\":\"Article\",\"@id\":\"https:\/\/tatutrad.net\/en\/de-donde-provienen-el-black-friday-y-el-cyber-monday\/#article\",\"isPartOf\":{\"@id\":\"https:\/\/tatutrad.net\/en\/de-donde-provienen-el-black-friday-y-el-cyber-monday\/\"},\"author\":{\"name\":\"Rosario de Zayas\",\"@id\":\"https:\/\/tatutrad.net\/en\/#\/schema\/person\/6f5db199f43f2312ebdeee5b827106f7\"},\"headline\":\"\u00bfDe d\u00f3nde provienen el Black Friday y el Cyber Monday?\",\"datePublished\":\"2018-11-23T09:06:45+00:00\",\"dateModified\":\"2024-10-31T16:56:58+00:00\",\"mainEntityOfPage\":{\"@id\":\"https:\/\/tatutrad.net\/en\/de-donde-provienen-el-black-friday-y-el-cyber-monday\/\"},\"wordCount\":1146,\"commentCount\":0,\"publisher\":{\"@id\":\"https:\/\/tatutrad.net\/en\/#organization\"},\"image\":{\"@id\":\"https:\/\/tatutrad.net\/en\/de-donde-provienen-el-black-friday-y-el-cyber-monday\/#primaryimage\"},\"thumbnailUrl\":\"\",\"keywords\":[\"an\u00e9cdotas\"],\"articleSection\":[\"Servicios Traducci\u00f3n Profesional\"],\"inLanguage\":\"en-US\",\"potentialAction\":[{\"@type\":\"CommentAction\",\"name\":\"Comment\",\"target\":[\"https:\/\/tatutrad.net\/en\/de-donde-provienen-el-black-friday-y-el-cyber-monday\/#respond\"]}]},{\"@type\":\"WebPage\",\"@id\":\"https:\/\/tatutrad.net\/en\/de-donde-provienen-el-black-friday-y-el-cyber-monday\/\",\"url\":\"https:\/\/tatutrad.net\/en\/de-donde-provienen-el-black-friday-y-el-cyber-monday\/\",\"name\":\"\u00bfDe d\u00f3nde provienen el Black Friday y el Cyber Monday? - Tatutrad\",\"isPartOf\":{\"@id\":\"https:\/\/tatutrad.net\/en\/#website\"},\"primaryImageOfPage\":{\"@id\":\"https:\/\/tatutrad.net\/en\/de-donde-provienen-el-black-friday-y-el-cyber-monday\/#primaryimage\"},\"image\":{\"@id\":\"https:\/\/tatutrad.net\/en\/de-donde-provienen-el-black-friday-y-el-cyber-monday\/#primaryimage\"},\"thumbnailUrl\":\"\",\"datePublished\":\"2018-11-23T09:06:45+00:00\",\"dateModified\":\"2024-10-31T16:56:58+00:00\",\"description\":\"\u00bfTe has preguntado alguna vez De d\u00f3nde provienen el Black Friday y el Cyber Monday?, te hablamos sobre su historia y como nos afecta.\",\"breadcrumb\":{\"@id\":\"https:\/\/tatutrad.net\/en\/de-donde-provienen-el-black-friday-y-el-cyber-monday\/#breadcrumb\"},\"inLanguage\":\"en-US\",\"potentialAction\":[{\"@type\":\"ReadAction\",\"target\":[\"https:\/\/tatutrad.net\/en\/de-donde-provienen-el-black-friday-y-el-cyber-monday\/\"]}]},{\"@type\":\"ImageObject\",\"inLanguage\":\"en-US\",\"@id\":\"https:\/\/tatutrad.net\/en\/de-donde-provienen-el-black-friday-y-el-cyber-monday\/#primaryimage\",\"url\":\"\",\"contentUrl\":\"\"},{\"@type\":\"BreadcrumbList\",\"@id\":\"https:\/\/tatutrad.net\/en\/de-donde-provienen-el-black-friday-y-el-cyber-monday\/#breadcrumb\",\"itemListElement\":[{\"@type\":\"ListItem\",\"position\":1,\"name\":\"Home\",\"item\":\"https:\/\/tatutrad.net\/en\/inicio\/\"},{\"@type\":\"ListItem\",\"position\":2,\"name\":\"\u00bfDe d\u00f3nde provienen el Black Friday y el Cyber Monday?\"}]},{\"@type\":\"WebSite\",\"@id\":\"https:\/\/tatutrad.net\/en\/#website\",\"url\":\"https:\/\/tatutrad.net\/en\/\",\"name\":\"Tatutrad\",\"description\":\"Tatutrad. Traductores Profesionales en Sevilla.\",\"publisher\":{\"@id\":\"https:\/\/tatutrad.net\/en\/#organization\"},\"potentialAction\":[{\"@type\":\"SearchAction\",\"target\":{\"@type\":\"EntryPoint\",\"urlTemplate\":\"https:\/\/tatutrad.net\/en\/?s={search_term_string}\"},\"query-input\":{\"@type\":\"PropertyValueSpecification\",\"valueRequired\":true,\"valueName\":\"search_term_string\"}}],\"inLanguage\":\"en-US\"},{\"@type\":\"Organization\",\"@id\":\"https:\/\/tatutrad.net\/en\/#organization\",\"name\":\"Tatutrad\",\"url\":\"https:\/\/tatutrad.net\/en\/\",\"logo\":{\"@type\":\"ImageObject\",\"inLanguage\":\"en-US\",\"@id\":\"https:\/\/tatutrad.net\/en\/#\/schema\/logo\/image\/\",\"url\":\"https:\/\/tatutrad.net\/wp-content\/uploads\/2023\/03\/main-logo@2x-1.png\",\"contentUrl\":\"https:\/\/tatutrad.net\/wp-content\/uploads\/2023\/03\/main-logo@2x-1.png\",\"width\":218,\"height\":261,\"caption\":\"Tatutrad\"},\"image\":{\"@id\":\"https:\/\/tatutrad.net\/en\/#\/schema\/logo\/image\/\"}},{\"@type\":\"Person\",\"@id\":\"https:\/\/tatutrad.net\/en\/#\/schema\/person\/6f5db199f43f2312ebdeee5b827106f7\",\"name\":\"Rosario de Zayas\",\"image\":{\"@type\":\"ImageObject\",\"inLanguage\":\"en-US\",\"@id\":\"https:\/\/tatutrad.net\/en\/#\/schema\/person\/image\/\",\"url\":\"https:\/\/secure.gravatar.com\/avatar\/6ddf4e1111623ea29d435e8d4ce0ea0a?s=96&d=retro&r=g\",\"contentUrl\":\"https:\/\/secure.gravatar.com\/avatar\/6ddf4e1111623ea29d435e8d4ce0ea0a?s=96&d=retro&r=g\",\"caption\":\"Rosario de Zayas\"},\"sameAs\":[\"https:\/\/x.com\/management@tatutrad.es\"],\"url\":\"https:\/\/tatutrad.net\/en\/author\/rosario_tatutrad\/\"}]}<\/script>\n<!-- \/ Yoast SEO plugin. -->","yoast_head_json":{"title":"\u00bfDe d\u00f3nde provienen el Black Friday y el Cyber Monday? - Tatutrad","description":"\u00bfTe has preguntado alguna vez De d\u00f3nde provienen el Black Friday y el Cyber Monday?, te hablamos sobre su historia y como nos afecta.","robots":{"index":"index","follow":"follow","max-snippet":"max-snippet:-1","max-image-preview":"max-image-preview:large","max-video-preview":"max-video-preview:-1"},"canonical":"https:\/\/tatutrad.net\/en\/de-donde-provienen-el-black-friday-y-el-cyber-monday\/","og_locale":"en_US","og_type":"article","og_title":"\u00bfDe d\u00f3nde provienen el Black Friday y el Cyber Monday? - Tatutrad","og_description":"\u00bfTe has preguntado alguna vez De d\u00f3nde provienen el Black Friday y el Cyber Monday?, te hablamos sobre su historia y como nos afecta.","og_url":"https:\/\/tatutrad.net\/en\/de-donde-provienen-el-black-friday-y-el-cyber-monday\/","og_site_name":"Tatutrad","article_published_time":"2018-11-23T09:06:45+00:00","article_modified_time":"2024-10-31T16:56:58+00:00","og_image":[{"width":1200,"height":675,"url":"https:\/\/tatutrad.net\/wp-content\/uploads\/2024\/11\/TATUTRAD-communication-for-a-worldwide-reach-1200-675.jpg","type":"image\/jpeg"}],"author":"Rosario de Zayas","twitter_card":"summary_large_image","twitter_creator":"@management@tatutrad.es","twitter_misc":{"Written by":"Rosario de Zayas","Est. reading time":"5 minutes"},"schema":{"@context":"https:\/\/schema.org","@graph":[{"@type":"Article","@id":"https:\/\/tatutrad.net\/en\/de-donde-provienen-el-black-friday-y-el-cyber-monday\/#article","isPartOf":{"@id":"https:\/\/tatutrad.net\/en\/de-donde-provienen-el-black-friday-y-el-cyber-monday\/"},"author":{"name":"Rosario de Zayas","@id":"https:\/\/tatutrad.net\/en\/#\/schema\/person\/6f5db199f43f2312ebdeee5b827106f7"},"headline":"\u00bfDe d\u00f3nde provienen el Black Friday y el Cyber Monday?","datePublished":"2018-11-23T09:06:45+00:00","dateModified":"2024-10-31T16:56:58+00:00","mainEntityOfPage":{"@id":"https:\/\/tatutrad.net\/en\/de-donde-provienen-el-black-friday-y-el-cyber-monday\/"},"wordCount":1146,"commentCount":0,"publisher":{"@id":"https:\/\/tatutrad.net\/en\/#organization"},"image":{"@id":"https:\/\/tatutrad.net\/en\/de-donde-provienen-el-black-friday-y-el-cyber-monday\/#primaryimage"},"thumbnailUrl":"","keywords":["an\u00e9cdotas"],"articleSection":["Servicios Traducci\u00f3n Profesional"],"inLanguage":"en-US","potentialAction":[{"@type":"CommentAction","name":"Comment","target":["https:\/\/tatutrad.net\/en\/de-donde-provienen-el-black-friday-y-el-cyber-monday\/#respond"]}]},{"@type":"WebPage","@id":"https:\/\/tatutrad.net\/en\/de-donde-provienen-el-black-friday-y-el-cyber-monday\/","url":"https:\/\/tatutrad.net\/en\/de-donde-provienen-el-black-friday-y-el-cyber-monday\/","name":"\u00bfDe d\u00f3nde provienen el Black Friday y el Cyber Monday? - Tatutrad","isPartOf":{"@id":"https:\/\/tatutrad.net\/en\/#website"},"primaryImageOfPage":{"@id":"https:\/\/tatutrad.net\/en\/de-donde-provienen-el-black-friday-y-el-cyber-monday\/#primaryimage"},"image":{"@id":"https:\/\/tatutrad.net\/en\/de-donde-provienen-el-black-friday-y-el-cyber-monday\/#primaryimage"},"thumbnailUrl":"","datePublished":"2018-11-23T09:06:45+00:00","dateModified":"2024-10-31T16:56:58+00:00","description":"\u00bfTe has preguntado alguna vez De d\u00f3nde provienen el Black Friday y el Cyber Monday?, te hablamos sobre su historia y como nos afecta.","breadcrumb":{"@id":"https:\/\/tatutrad.net\/en\/de-donde-provienen-el-black-friday-y-el-cyber-monday\/#breadcrumb"},"inLanguage":"en-US","potentialAction":[{"@type":"ReadAction","target":["https:\/\/tatutrad.net\/en\/de-donde-provienen-el-black-friday-y-el-cyber-monday\/"]}]},{"@type":"ImageObject","inLanguage":"en-US","@id":"https:\/\/tatutrad.net\/en\/de-donde-provienen-el-black-friday-y-el-cyber-monday\/#primaryimage","url":"","contentUrl":""},{"@type":"BreadcrumbList","@id":"https:\/\/tatutrad.net\/en\/de-donde-provienen-el-black-friday-y-el-cyber-monday\/#breadcrumb","itemListElement":[{"@type":"ListItem","position":1,"name":"Home","item":"https:\/\/tatutrad.net\/en\/inicio\/"},{"@type":"ListItem","position":2,"name":"\u00bfDe d\u00f3nde provienen el Black Friday y el Cyber Monday?"}]},{"@type":"WebSite","@id":"https:\/\/tatutrad.net\/en\/#website","url":"https:\/\/tatutrad.net\/en\/","name":"Tatutrad","description":"Tatutrad. Traductores Profesionales en Sevilla.","publisher":{"@id":"https:\/\/tatutrad.net\/en\/#organization"},"potentialAction":[{"@type":"SearchAction","target":{"@type":"EntryPoint","urlTemplate":"https:\/\/tatutrad.net\/en\/?s={search_term_string}"},"query-input":{"@type":"PropertyValueSpecification","valueRequired":true,"valueName":"search_term_string"}}],"inLanguage":"en-US"},{"@type":"Organization","@id":"https:\/\/tatutrad.net\/en\/#organization","name":"Tatutrad","url":"https:\/\/tatutrad.net\/en\/","logo":{"@type":"ImageObject","inLanguage":"en-US","@id":"https:\/\/tatutrad.net\/en\/#\/schema\/logo\/image\/","url":"https:\/\/tatutrad.net\/wp-content\/uploads\/2023\/03\/main-logo@2x-1.png","contentUrl":"https:\/\/tatutrad.net\/wp-content\/uploads\/2023\/03\/main-logo@2x-1.png","width":218,"height":261,"caption":"Tatutrad"},"image":{"@id":"https:\/\/tatutrad.net\/en\/#\/schema\/logo\/image\/"}},{"@type":"Person","@id":"https:\/\/tatutrad.net\/en\/#\/schema\/person\/6f5db199f43f2312ebdeee5b827106f7","name":"Rosario de Zayas","image":{"@type":"ImageObject","inLanguage":"en-US","@id":"https:\/\/tatutrad.net\/en\/#\/schema\/person\/image\/","url":"https:\/\/secure.gravatar.com\/avatar\/6ddf4e1111623ea29d435e8d4ce0ea0a?s=96&d=retro&r=g","contentUrl":"https:\/\/secure.gravatar.com\/avatar\/6ddf4e1111623ea29d435e8d4ce0ea0a?s=96&d=retro&r=g","caption":"Rosario de Zayas"},"sameAs":["https:\/\/x.com\/management@tatutrad.es"],"url":"https:\/\/tatutrad.net\/en\/author\/rosario_tatutrad\/"}]}},"uagb_featured_image_src":{"full":false,"thumbnail":false,"medium":false,"medium_large":false,"large":false,"1536x1536":false,"2048x2048":false,"et-pb-post-main-image":false,"et-pb-post-main-image-fullwidth":false,"et-pb-portfolio-image":false,"et-pb-portfolio-module-image":false,"et-pb-portfolio-image-single":false,"et-pb-gallery-module-image-portrait":false,"et-pb-post-main-image-fullwidth-large":false,"et-pb-image--responsive--desktop":false,"et-pb-image--responsive--tablet":false,"et-pb-image--responsive--phone":false},"uagb_author_info":{"display_name":"Rosario de Zayas","author_link":"https:\/\/tatutrad.net\/en\/author\/rosario_tatutrad\/"},"uagb_comment_info":0,"uagb_excerpt":"\u00bfTe has preguntado alguna vez acerca del origen de esta tradici\u00f3n?, en el blog de Tatutrad, te hablamos sobre su historia, su introducci\u00f3n en nuestra cultura y los retos que plantea para los profesionales de la traducci\u00f3n.","_links":{"self":[{"href":"https:\/\/tatutrad.net\/en\/wp-json\/wp\/v2\/posts\/702","targetHints":{"allow":["GET"]}}],"collection":[{"href":"https:\/\/tatutrad.net\/en\/wp-json\/wp\/v2\/posts"}],"about":[{"href":"https:\/\/tatutrad.net\/en\/wp-json\/wp\/v2\/types\/post"}],"author":[{"embeddable":true,"href":"https:\/\/tatutrad.net\/en\/wp-json\/wp\/v2\/users\/6"}],"replies":[{"embeddable":true,"href":"https:\/\/tatutrad.net\/en\/wp-json\/wp\/v2\/comments?post=702"}],"version-history":[{"count":3,"href":"https:\/\/tatutrad.net\/en\/wp-json\/wp\/v2\/posts\/702\/revisions"}],"predecessor-version":[{"id":9454,"href":"https:\/\/tatutrad.net\/en\/wp-json\/wp\/v2\/posts\/702\/revisions\/9454"}],"wp:featuredmedia":[{"embeddable":true,"href":"https:\/\/tatutrad.net\/en\/wp-json\/"}],"wp:attachment":[{"href":"https:\/\/tatutrad.net\/en\/wp-json\/wp\/v2\/media?parent=702"}],"wp:term":[{"taxonomy":"category","embeddable":true,"href":"https:\/\/tatutrad.net\/en\/wp-json\/wp\/v2\/categories?post=702"},{"taxonomy":"post_tag","embeddable":true,"href":"https:\/\/tatutrad.net\/en\/wp-json\/wp\/v2\/tags?post=702"},{"taxonomy":"table_tags","embeddable":true,"href":"https:\/\/tatutrad.net\/en\/wp-json\/wp\/v2\/table_tags?post=702"}],"curies":[{"name":"wp","href":"https:\/\/api.w.org\/{rel}","templated":true}]}}